{"id":230,"date":"2022-03-27T17:24:32","date_gmt":"2022-03-27T15:24:32","guid":{"rendered":"https:\/\/armoniasulavoro.com\/?p=230"},"modified":"2023-03-08T15:54:41","modified_gmt":"2023-03-08T14:54:41","slug":"come-esprimere-la-propria-rabbia","status":"publish","type":"post","link":"https:\/\/armoniasulavoro.com\/index.php\/2022\/03\/27\/come-esprimere-la-propria-rabbia\/","title":{"rendered":"COME ESPRIMERE LA PROPRIA RABBIA SUL LAVORO?"},"content":{"rendered":"\n<p>Cosa facciamo quando ci arrabbiamo?<\/p>\n\n\n\n<p>In genere <strong>ce la prendiamo con le persone<\/strong> che ci hanno fatto arrabbiare.<\/p>\n\n\n\n<p><em>\u201cOvvio Alb\u00e9, con chi me la devo prendere senn\u00f2\u2026?\u201d<\/em><\/p>\n\n\n\n<p>In altri casi tendiamo a <strong>reprimere<\/strong> e ingoiare la nostra <strong>rabbia<\/strong>.<\/p>\n\n\n\n<p><em>\u201cB\u00e8 s\u00ec, delle volte meglio stare zitti, che se rispondo al mio capo o a mia moglie poi vedi tu come peggiora la situazione\u2026\u201d<\/em><\/p>\n\n\n\n<blockquote class=\"wp-block-quote is-layout-flow wp-block-quote-is-layout-flow\"><p><em>&#8220;Io non mi arrabbio, va bene? Io tendo ad\u00a0<strong>interiorizzare<\/strong>, non s\u00f2 esprimere l\u2019ira. E&#8217; uno dei problemi che ho! Io mi allevo un\u00a0<strong>tumore<\/strong>\u00a0invece&#8221;<\/em><\/p><cite>WOODY\u00a0ALLEN (dal film &#8220;Manhattan&#8221;)<\/cite><\/blockquote>\n\n\n\n<p>Prendercela con gli altri o non dire niente non sono comportamenti che in realt\u00e0 ci aiutano ad esprimere la rabbia in modo &#8220;intelligente&#8221;.<\/p>\n\n\n\n<p><em>\u201cCio\u00e8, in che senso\u2026?\u201d<\/em><\/p>\n\n\n\n<figure class=\"wp-block-image size-full\"><img fetchpriority=\"high\" decoding=\"async\" width=\"500\" height=\"272\" src=\"https:\/\/armoniasulavoro.com\/wp-content\/uploads\/2022\/03\/tumblr_0b30b8923217a43d20bd938eaa792f8d_2603171b_500.png\" alt=\"\" class=\"wp-image-232\" srcset=\"https:\/\/armoniasulavoro.com\/wp-content\/uploads\/2022\/03\/tumblr_0b30b8923217a43d20bd938eaa792f8d_2603171b_500.png 500w, https:\/\/armoniasulavoro.com\/wp-content\/uploads\/2022\/03\/tumblr_0b30b8923217a43d20bd938eaa792f8d_2603171b_500-300x163.png 300w, https:\/\/armoniasulavoro.com\/wp-content\/uploads\/2022\/03\/tumblr_0b30b8923217a43d20bd938eaa792f8d_2603171b_500-110x60.png 110w\" sizes=\"(max-width: 500px) 100vw, 500px\" \/><\/figure>\n\n\n\n<p><\/p>\n\n\n\n<p>Partiamo da un presupposto:<strong> siamo proprio sicuri che siano gli altri a provocare la nostra rabbia?<\/strong><\/p>\n\n\n\n<p>Tendiamo tutti a pensare che siano gli altri che ci fanno arrabbiare, ma se pensiamo cos\u00ec tendiamo a <strong>dare potere agli altri<\/strong>.<\/p>\n\n\n\n<p>In che modo?<\/p>\n\n\n\n<p>Semplice: se sono gli altri a determinare il nostro stato d\u2019animo vuol dire che non possiamo farlo noi, e che siamo in balia di chi incontriamo!<\/p>\n\n\n\n<p>Una riflessione molto importante che ho tratto dal libro \u201cLe parole sono finestre [oppure muri]\u201d di Marshall Rosenberg (e che ho riscontrato pi\u00f9 volte nella mia vita) \u00e8 quella di sollevare chi incontriamo da qualunque responsabilit\u00e0 per la nostra rabbia.<\/p>\n\n\n\n<p>La prima lezione \u00e8: <\/p>\n\n\n\n<figure class=\"wp-block-pullquote\"><blockquote><p><em>Distinguere lo <strong>stimolo<\/strong> dalla <strong>causa<\/strong>.<\/em><\/p><\/blockquote><\/figure>\n\n\n\n<p>Cosa vuol dire?<\/p>\n\n\n\n<p>Facciamo un esempio: devo presentare un progetto e ho appuntamento con la persona che lo deve valutare alle 10:30 di mattino. Arrivo puntuale e la segretaria mi fa accomodare in sala di aspetto dicendomi che c\u2019\u00e8 un lieve ritardo sugli appuntamenti. <br>Alle 10:45 sono ancora l\u00ec seduto che aspetto e, pensando a tutte le cose che devo fare comincio ad innervosirmi. <br>Alle 11:00 sono ancora in attesa, chiedo alla segretaria se per caso c\u2019\u00e8 qualche problema e lei mi dice che mi aveva gi\u00e0 detto che c\u2019era un ritardo sugli appuntamenti con fare indispettito. <br>A questo punto <strong>mi arrabbio con la segretaria e con il suo responsabile<\/strong> per la loro maleducazione nel gestire gli appuntamenti. In realt\u00e0 <mark style=\"background-color:rgba(0, 0, 0, 0)\" class=\"has-inline-color has-vivid-red-color\"><strong>loro<\/strong> sono lo <strong><em>stimolo<\/em><\/strong> per la mia rabbia<\/mark>, ma se vado ad analizzare quello che accade dentro di me in realt\u00e0 sento che la <mark style=\"background-color:rgba(0, 0, 0, 0)\" class=\"has-inline-color has-vivid-cyan-blue-color\"><strong><em>causa<\/em><\/strong> della mia rabbia \u00e8 la <strong>mancanza di rispetto del mio tempo<\/strong>.<\/mark><\/p>\n\n\n\n<blockquote class=\"wp-block-quote is-layout-flow wp-block-quote-is-layout-flow\"><p><strong><em>La rabbia \u00e8 scatenata dalla frustrazione di un nostro bisogno<\/em><\/strong><\/p><\/blockquote>\n\n\n\n<p>Ad esempio io potrei avere <strong>bisogno di riconoscimento<\/strong> (e una persona che mi fa aspettare oltre 30 minuti non sta dimostrando che per lei il mio appuntamento era importante, <strong>e quindi che io sono importante!<\/strong>). Oppure ho bisogno di impiegare sempre in modo produttivo il mio tempo e stare seduto su una sedia mezz\u2019ora non \u00e8 proprio il modo migliore per farlo.<\/p>\n\n\n\n<p><strong>La frustrazione di questi bisogni mi fa stare male<\/strong> e mi fa arrabbiare.<\/p>\n\n\n\n<p>Non tutti per\u00f2 in quella situazione reagirebbero con la rabbia!<\/p>\n\n\n\n<p>Ad esempio una persona che non ha mai tempo per s\u00e9 e il suo bisogno \u00e8 ritagliarsi qualche momento di pace potrebbe approfittare di quella pausa \u201cforzata\u201d per fare qualcosa a cui tiene come ad esempio rilassarsi, meditare, leggere qualche articolo che le interessa\u2026<\/p>\n\n\n\n<p>Questo dimostra che <strong>non sono<\/strong> i comportamenti degli <strong>altri<\/strong> a <strong>provocare la nostra rabbia<\/strong>, <strong>ma i nostri bisogni<\/strong> e come ci relazioniamo ad essi!<\/p>\n\n\n\n<pre class=\"wp-block-verse\"><mark style=\"background-color:rgba(0, 0, 0, 0)\" class=\"has-inline-color has-luminous-vivid-orange-color\">L\u2019essenza della rabbia \u00e8 un bisogno che non viene soddisfatto.<\/mark><\/pre>\n\n\n\n<p>La rabbia quindi \u00e8 preziosa se la utilizziamo come un campanello di allarme che ci sveglia e ci fa rendere conto che c\u2019\u00e8 un nostro bisogno che non viene soddisfatto. <strong>La piena espressione della rabbia richiede la chiara consapevolezza dei nostri <mark style=\"background-color:rgba(0, 0, 0, 0)\" class=\"has-inline-color has-vivid-cyan-blue-color\">bisogni<\/mark>.<\/strong><\/p>\n\n\n\n<p>La rabbia, come sappiamo, \u00e8 un serbatoio di energia che potremo usare in due modi:<\/p>\n\n\n\n<ol class=\"wp-block-list\" type=\"1\"><li>dirigendola contro gli altri, criticandoli, condannandoli, punendoli e prendendocela con loro <em>(espressione superficiale della rabbia)<\/em><\/li><li>esprimendo i nostri bisogni e compiendo azioni che possono portare alla loro soddisfazione <em>(espressione intelligente della rabbia)<\/em><\/li><\/ol>\n\n\n<h4 class=\"wp-block-heading\" id=\"pratica\"><mark style=\"background-color:rgba(0, 0, 0, 0)\" class=\"has-inline-color has-vivid-cyan-blue-color\">PRATICA:<\/mark><\/h4>\n\n\n<p>Come fare per passare alla modalit\u00e0 che maggiormente pu\u00f2 aiutarci nella vita? Dobbiamo riconoscere quali sono i bisogni che in quel momento non riusciamo a soddisfare!<\/p>\n\n\n\n<p>E come faccio a capire quali sono?!?<\/p>\n\n\n\n<p>Prova a cambiare la frase che ripeti a te stesso quando sei arrabbiato. Anzich\u00e9 dire:<\/p>\n\n\n\n<ul class=\"wp-block-list\"><li><strong><em><mark style=\"background-color:rgba(0, 0, 0, 0)\" class=\"has-inline-color has-vivid-red-color\">\u201cSono arrabbiato perch\u00e9 lui\/ lei ha fatto o detto\u2026\u201d<\/mark><\/em><\/strong><\/li><\/ul>\n\n\n\n<p>Prova a dire:<\/p>\n\n\n\n<ul class=\"wp-block-list\"><li><strong><em><mark style=\"background-color:rgba(0, 0, 0, 0)\" class=\"has-inline-color has-vivid-cyan-blue-color\">\u201cSono arrabbiato perch\u00e9 ho bisogno di\u2026\u201d<\/mark><\/em><\/strong><\/li><\/ul>\n\n\n\n<p>Ad esempio quando il risultato di un mio progetto dipendeva anche dall\u2019attivit\u00e0 di un mio collega che non stava riuscendo a portarla a termine, anzich\u00e9 sfogare la mia frustrazione aggredendo il collega, ho riconosciuto il mio bisogno di avere dei tempi precisi per la chiusura della sua attivit\u00e0. Ho poi <strong>condiviso<\/strong> con lui <strong>le mie preoccupazioni<\/strong> legate alle conseguenze che ci sarebbero state sul progetto se l\u2019attivit\u00e0 che stava seguendo non si fosse chiusa entro le date desiderate. Ho ascoltato quali problemi stava riscontrando e abbiamo valutato insieme le azioni che potevamo fare per arrivare ai risultati desiderati. Abbiamo poi chiesto aiuto ai nostri responsabili e la situazione si \u00e8 sbloccata.<\/p>\n\n\n\n<p>Vediamo quali sono in sintesi i 4 passi che dobbiamo fare per esprimere in modo pieno e costruttivo per noi la nostra rabbia:<\/p>\n\n\n\n<ol class=\"wp-block-list\" type=\"1\"><li>Fermiamoci e facciamo <strong><mark style=\"background-color:rgba(0, 0, 0, 0)\" class=\"has-inline-color has-vivid-green-cyan-color\">3 bei respiri<\/mark><\/strong><\/li><li><strong>Riconosciamo<\/strong> quali sono i nostri <strong><mark style=\"background-color:rgba(0, 0, 0, 0)\" class=\"has-inline-color has-vivid-red-color\">giudizi nei confronti degli altri<\/mark><\/strong><\/li><li><strong><mark style=\"background-color:rgba(0, 0, 0, 0)\" class=\"has-inline-color has-vivid-cyan-blue-color\">Comprendiamo quali sono i nostri bisogni<\/mark><\/strong> che sono frustrati in quel momento, anche a causa del comportamento degli altri<\/li><li><strong><mark style=\"background-color:rgba(0, 0, 0, 0)\" class=\"has-inline-color has-luminous-vivid-orange-color\">Esprimiamo i nostri sentimenti e bisogni insoddisfatti <\/mark><\/strong>e individuiamo le azioni che ci possono portare a soddisfarli!<\/li><\/ol>\n\n\n\n<p>Prova a fare lo <strong>SPOSTAMENTO <\/strong>dall\u2019arrabbiarti contro qualcuno al riconoscimento del tuo bisogno, e poi fammi sapere come \u00e8 andata.,<\/p>\n\n\n\n<p>Quando ho fatto questo passaggio la prima volta per me \u00e8 stato rivelatorio: <strong><mark style=\"background-color:rgba(0, 0, 0, 0)\" class=\"has-inline-color has-vivid-red-color\"><em>ho acquisito un sacco di POTERE!<\/em><\/mark><\/strong><\/p>\n\n\n\n<p>S\u00ec, perch\u00e9 se l\u2019altro non pu\u00f2 soddisfare il mio bisogno, quando l\u2019ho riconosciuto, \u00e8 molto pi\u00f9 facile trovare un altro modo per soddisfarlo, cambiando situazione o persone!<\/p>\n","protected":false},"excerpt":{"rendered":"<p>Cosa facciamo quando ci arrabbiamo? In genere ce la prendiamo con le persone che ci hanno fatto arrabbiare. \u201cOvvio Alb\u00e9, [&hellip;]<\/p>\n","protected":false},"author":1,"featured_media":238,"comment_status":"open","ping_status":"open","sticky":false,"template":"","format":"standard","meta":{"site-sidebar-layout":"default","site-content-layout":"","ast-site-content-layout":"default","site-content-style":"default","site-sidebar-style":"default","ast-global-header-display":"","ast-banner-title-visibility":"","ast-main-header-display":"","ast-hfb-above-header-display":"","ast-hfb-below-header-display":"","ast-hfb-mobile-header-display":"","site-post-title":"","ast-breadcrumbs-content":"","ast-featured-img":"","footer-sml-layout":"","ast-disable-related-posts":"","theme-transparent-header-meta":"","adv-header-id-meta":"","stick-header-meta":"","header-above-stick-meta":"","header-main-stick-meta":"","header-below-stick-meta":"","astra-migrate-meta-layouts":"default","ast-page-background-enabled":"default","ast-page-background-meta":{"desktop":{"background-color":"var(--ast-global-color-5)","background-image":"","background-repeat":"repeat","background-position":"center center","background-size":"auto","background-attachment":"scroll","background-type":"","background-media":"","overlay-type":"","overlay-color":"","overlay-opacity":"","overlay-gradient":""},"tablet":{"background-color":"","background-image":"","background-repeat":"repeat","background-position":"center center","background-size":"auto","background-attachment":"scroll","background-type":"","background-media":"","overlay-type":"","overlay-color":"","overlay-opacity":"","overlay-gradient":""},"mobile":{"background-color":"","background-image":"","background-repeat":"repeat","background-position":"center center","background-size":"auto","background-attachment":"scroll","background-type":"","background-media":"","overlay-type":"","overlay-color":"","overlay-opacity":"","overlay-gradient":""}},"ast-content-background-meta":{"desktop":{"background-color":"var(--ast-global-color-4)","background-image":"","background-repeat":"repeat","background-position":"center center","background-size":"auto","background-attachment":"scroll","background-type":"","background-media":"","overlay-type":"","overlay-color":"","overlay-opacity":"","overlay-gradient":""},"tablet":{"background-color":"var(--ast-global-color-4)","background-image":"","background-repeat":"repeat","background-position":"center center","background-size":"auto","background-attachment":"scroll","background-type":"","background-media":"","overlay-type":"","overlay-color":"","overlay-opacity":"","overlay-gradient":""},"mobile":{"background-color":"var(--ast-global-color-4)","background-image":"","background-repeat":"repeat","background-position":"center center","background-size":"auto","background-attachment":"scroll","background-type":"","background-media":"","overlay-type":"","overlay-color":"","overlay-opacity":"","overlay-gradient":""}},"footnotes":""},"categories":[76],"tags":[31,39,28,44,6,23,36,43],"class_list":["post-230","post","type-post","status-publish","format-standard","has-post-thumbnail","hentry","category-centratura-ed-emozioni","tag-autocontrollo","tag-automiglioramento","tag-autostima","tag-consapevolezza","tag-emozioni","tag-marshall-rosenberg","tag-potere","tag-rabbia"],"yoast_head":"<!-- This site is optimized with the Yoast SEO plugin v27.5 - https:\/\/yoast.com\/product\/yoast-seo-wordpress\/ -->\n<title>COME ESPRIMERE LA PROPRIA RABBIA SUL LAVORO? -<\/title>\n<meta name=\"description\" content=\"Tutti ci arrabbiamo, ma sfruttiamo nel modo giusto la nostra rabbia? Se anzich\u00e9 prendercela con gli altri ci concentriamo sui nostri bisogni possiamo raggiungere meglio i nostri obiettivi.\" \/>\n<meta name=\"robots\" content=\"index, follow, max-snippet:-1, max-image-preview:large, max-video-preview:-1\" \/>\n<link rel=\"canonical\" href=\"https:\/\/armoniasulavoro.com\/index.php\/2022\/03\/27\/come-esprimere-la-propria-rabbia\/\" \/>\n<meta property=\"og:locale\" content=\"en_US\" \/>\n<meta property=\"og:type\" content=\"article\" \/>\n<meta property=\"og:title\" content=\"COME ESPRIMERE LA PROPRIA RABBIA SUL LAVORO? -\" \/>\n<meta property=\"og:description\" content=\"Tutti ci arrabbiamo, ma sfruttiamo nel modo giusto la nostra rabbia? Se anzich\u00e9 prendercela con gli altri ci concentriamo sui nostri bisogni possiamo raggiungere meglio i nostri obiettivi.\" \/>\n<meta property=\"og:url\" content=\"https:\/\/armoniasulavoro.com\/index.php\/2022\/03\/27\/come-esprimere-la-propria-rabbia\/\" \/>\n<meta property=\"article:published_time\" content=\"2022-03-27T15:24:32+00:00\" \/>\n<meta property=\"article:modified_time\" content=\"2023-03-08T14:54:41+00:00\" \/>\n<meta property=\"og:image\" content=\"https:\/\/armoniasulavoro.com\/wp-content\/uploads\/2022\/03\/rabbia-3.webp\" \/>\n\t<meta property=\"og:image:width\" content=\"1920\" \/>\n\t<meta property=\"og:image:height\" content=\"708\" \/>\n\t<meta property=\"og:image:type\" content=\"image\/webp\" \/>\n<meta name=\"author\" content=\"albe.ruffi\" \/>\n<meta name=\"twitter:card\" content=\"summary_large_image\" \/>\n<meta name=\"twitter:label1\" content=\"Written by\" \/>\n\t<meta name=\"twitter:data1\" content=\"albe.ruffi\" \/>\n\t<meta name=\"twitter:label2\" content=\"Est. reading time\" \/>\n\t<meta name=\"twitter:data2\" content=\"6 minutes\" \/>\n<script type=\"application\/ld+json\" class=\"yoast-schema-graph\">{\"@context\":\"https:\\\/\\\/schema.org\",\"@graph\":[{\"@type\":\"Article\",\"@id\":\"https:\\\/\\\/armoniasulavoro.com\\\/index.php\\\/2022\\\/03\\\/27\\\/come-esprimere-la-propria-rabbia\\\/#article\",\"isPartOf\":{\"@id\":\"https:\\\/\\\/armoniasulavoro.com\\\/index.php\\\/2022\\\/03\\\/27\\\/come-esprimere-la-propria-rabbia\\\/\"},\"author\":{\"name\":\"albe.ruffi\",\"@id\":\"https:\\\/\\\/armoniasulavoro.com\\\/#\\\/schema\\\/person\\\/a323ae174bd839e975e739346090bf70\"},\"headline\":\"COME ESPRIMERE LA PROPRIA RABBIA SUL LAVORO?\",\"datePublished\":\"2022-03-27T15:24:32+00:00\",\"dateModified\":\"2023-03-08T14:54:41+00:00\",\"mainEntityOfPage\":{\"@id\":\"https:\\\/\\\/armoniasulavoro.com\\\/index.php\\\/2022\\\/03\\\/27\\\/come-esprimere-la-propria-rabbia\\\/\"},\"wordCount\":961,\"commentCount\":0,\"image\":{\"@id\":\"https:\\\/\\\/armoniasulavoro.com\\\/index.php\\\/2022\\\/03\\\/27\\\/come-esprimere-la-propria-rabbia\\\/#primaryimage\"},\"thumbnailUrl\":\"https:\\\/\\\/armoniasulavoro.com\\\/wp-content\\\/uploads\\\/2022\\\/03\\\/rabbia-3.webp\",\"keywords\":[\"autocontrollo\",\"automiglioramento\",\"autostima\",\"consapevolezza\",\"emozioni\",\"Marshall Rosenberg\",\"potere\",\"rabbia\"],\"articleSection\":[\"Centratura ed Emozioni\"],\"inLanguage\":\"en-US\",\"potentialAction\":[{\"@type\":\"CommentAction\",\"name\":\"Comment\",\"target\":[\"https:\\\/\\\/armoniasulavoro.com\\\/index.php\\\/2022\\\/03\\\/27\\\/come-esprimere-la-propria-rabbia\\\/#respond\"]}]},{\"@type\":\"WebPage\",\"@id\":\"https:\\\/\\\/armoniasulavoro.com\\\/index.php\\\/2022\\\/03\\\/27\\\/come-esprimere-la-propria-rabbia\\\/\",\"url\":\"https:\\\/\\\/armoniasulavoro.com\\\/index.php\\\/2022\\\/03\\\/27\\\/come-esprimere-la-propria-rabbia\\\/\",\"name\":\"COME ESPRIMERE LA PROPRIA RABBIA SUL LAVORO? -\",\"isPartOf\":{\"@id\":\"https:\\\/\\\/armoniasulavoro.com\\\/#website\"},\"primaryImageOfPage\":{\"@id\":\"https:\\\/\\\/armoniasulavoro.com\\\/index.php\\\/2022\\\/03\\\/27\\\/come-esprimere-la-propria-rabbia\\\/#primaryimage\"},\"image\":{\"@id\":\"https:\\\/\\\/armoniasulavoro.com\\\/index.php\\\/2022\\\/03\\\/27\\\/come-esprimere-la-propria-rabbia\\\/#primaryimage\"},\"thumbnailUrl\":\"https:\\\/\\\/armoniasulavoro.com\\\/wp-content\\\/uploads\\\/2022\\\/03\\\/rabbia-3.webp\",\"datePublished\":\"2022-03-27T15:24:32+00:00\",\"dateModified\":\"2023-03-08T14:54:41+00:00\",\"author\":{\"@id\":\"https:\\\/\\\/armoniasulavoro.com\\\/#\\\/schema\\\/person\\\/a323ae174bd839e975e739346090bf70\"},\"description\":\"Tutti ci arrabbiamo, ma sfruttiamo nel modo giusto la nostra rabbia? Se anzich\u00e9 prendercela con gli altri ci concentriamo sui nostri bisogni possiamo raggiungere meglio i nostri obiettivi.\",\"breadcrumb\":{\"@id\":\"https:\\\/\\\/armoniasulavoro.com\\\/index.php\\\/2022\\\/03\\\/27\\\/come-esprimere-la-propria-rabbia\\\/#breadcrumb\"},\"inLanguage\":\"en-US\",\"potentialAction\":[{\"@type\":\"ReadAction\",\"target\":[\"https:\\\/\\\/armoniasulavoro.com\\\/index.php\\\/2022\\\/03\\\/27\\\/come-esprimere-la-propria-rabbia\\\/\"]}]},{\"@type\":\"ImageObject\",\"inLanguage\":\"en-US\",\"@id\":\"https:\\\/\\\/armoniasulavoro.com\\\/index.php\\\/2022\\\/03\\\/27\\\/come-esprimere-la-propria-rabbia\\\/#primaryimage\",\"url\":\"https:\\\/\\\/armoniasulavoro.com\\\/wp-content\\\/uploads\\\/2022\\\/03\\\/rabbia-3.webp\",\"contentUrl\":\"https:\\\/\\\/armoniasulavoro.com\\\/wp-content\\\/uploads\\\/2022\\\/03\\\/rabbia-3.webp\",\"width\":1920,\"height\":708},{\"@type\":\"BreadcrumbList\",\"@id\":\"https:\\\/\\\/armoniasulavoro.com\\\/index.php\\\/2022\\\/03\\\/27\\\/come-esprimere-la-propria-rabbia\\\/#breadcrumb\",\"itemListElement\":[{\"@type\":\"ListItem\",\"position\":1,\"name\":\"Home\",\"item\":\"https:\\\/\\\/armoniasulavoro.com\\\/\"},{\"@type\":\"ListItem\",\"position\":2,\"name\":\"COME ESPRIMERE LA PROPRIA RABBIA SUL LAVORO?\"}]},{\"@type\":\"WebSite\",\"@id\":\"https:\\\/\\\/armoniasulavoro.com\\\/#website\",\"url\":\"https:\\\/\\\/armoniasulavoro.com\\\/\",\"name\":\"\",\"description\":\"Spunti e pratiche per ritrovare il benessere sul lavoro\",\"potentialAction\":[{\"@type\":\"SearchAction\",\"target\":{\"@type\":\"EntryPoint\",\"urlTemplate\":\"https:\\\/\\\/armoniasulavoro.com\\\/?s={search_term_string}\"},\"query-input\":{\"@type\":\"PropertyValueSpecification\",\"valueRequired\":true,\"valueName\":\"search_term_string\"}}],\"inLanguage\":\"en-US\"},{\"@type\":\"Person\",\"@id\":\"https:\\\/\\\/armoniasulavoro.com\\\/#\\\/schema\\\/person\\\/a323ae174bd839e975e739346090bf70\",\"name\":\"albe.ruffi\",\"image\":{\"@type\":\"ImageObject\",\"inLanguage\":\"en-US\",\"@id\":\"https:\\\/\\\/secure.gravatar.com\\\/avatar\\\/e55ede2f806c2f13810ac95ab8f8ba3a59cf8039cb9c5557038310a858571cc2?s=96&d=mm&r=g\",\"url\":\"https:\\\/\\\/secure.gravatar.com\\\/avatar\\\/e55ede2f806c2f13810ac95ab8f8ba3a59cf8039cb9c5557038310a858571cc2?s=96&d=mm&r=g\",\"contentUrl\":\"https:\\\/\\\/secure.gravatar.com\\\/avatar\\\/e55ede2f806c2f13810ac95ab8f8ba3a59cf8039cb9c5557038310a858571cc2?s=96&d=mm&r=g\",\"caption\":\"albe.ruffi\"},\"sameAs\":[\"http:\\\/\\\/armoniasulavoro.com\"],\"url\":\"https:\\\/\\\/armoniasulavoro.com\\\/index.php\\\/author\\\/albe-ruffi\\\/\"}]}<\/script>\n<!-- \/ Yoast SEO plugin. -->","yoast_head_json":{"title":"COME ESPRIMERE LA PROPRIA RABBIA SUL LAVORO? -","description":"Tutti ci arrabbiamo, ma sfruttiamo nel modo giusto la nostra rabbia? Se anzich\u00e9 prendercela con gli altri ci concentriamo sui nostri bisogni possiamo raggiungere meglio i nostri obiettivi.","robots":{"index":"index","follow":"follow","max-snippet":"max-snippet:-1","max-image-preview":"max-image-preview:large","max-video-preview":"max-video-preview:-1"},"canonical":"https:\/\/armoniasulavoro.com\/index.php\/2022\/03\/27\/come-esprimere-la-propria-rabbia\/","og_locale":"en_US","og_type":"article","og_title":"COME ESPRIMERE LA PROPRIA RABBIA SUL LAVORO? -","og_description":"Tutti ci arrabbiamo, ma sfruttiamo nel modo giusto la nostra rabbia? Se anzich\u00e9 prendercela con gli altri ci concentriamo sui nostri bisogni possiamo raggiungere meglio i nostri obiettivi.","og_url":"https:\/\/armoniasulavoro.com\/index.php\/2022\/03\/27\/come-esprimere-la-propria-rabbia\/","article_published_time":"2022-03-27T15:24:32+00:00","article_modified_time":"2023-03-08T14:54:41+00:00","og_image":[{"width":1920,"height":708,"url":"https:\/\/armoniasulavoro.com\/wp-content\/uploads\/2022\/03\/rabbia-3.webp","type":"image\/webp"}],"author":"albe.ruffi","twitter_card":"summary_large_image","twitter_misc":{"Written by":"albe.ruffi","Est. reading time":"6 minutes"},"schema":{"@context":"https:\/\/schema.org","@graph":[{"@type":"Article","@id":"https:\/\/armoniasulavoro.com\/index.php\/2022\/03\/27\/come-esprimere-la-propria-rabbia\/#article","isPartOf":{"@id":"https:\/\/armoniasulavoro.com\/index.php\/2022\/03\/27\/come-esprimere-la-propria-rabbia\/"},"author":{"name":"albe.ruffi","@id":"https:\/\/armoniasulavoro.com\/#\/schema\/person\/a323ae174bd839e975e739346090bf70"},"headline":"COME ESPRIMERE LA PROPRIA RABBIA SUL LAVORO?","datePublished":"2022-03-27T15:24:32+00:00","dateModified":"2023-03-08T14:54:41+00:00","mainEntityOfPage":{"@id":"https:\/\/armoniasulavoro.com\/index.php\/2022\/03\/27\/come-esprimere-la-propria-rabbia\/"},"wordCount":961,"commentCount":0,"image":{"@id":"https:\/\/armoniasulavoro.com\/index.php\/2022\/03\/27\/come-esprimere-la-propria-rabbia\/#primaryimage"},"thumbnailUrl":"https:\/\/armoniasulavoro.com\/wp-content\/uploads\/2022\/03\/rabbia-3.webp","keywords":["autocontrollo","automiglioramento","autostima","consapevolezza","emozioni","Marshall Rosenberg","potere","rabbia"],"articleSection":["Centratura ed Emozioni"],"inLanguage":"en-US","potentialAction":[{"@type":"CommentAction","name":"Comment","target":["https:\/\/armoniasulavoro.com\/index.php\/2022\/03\/27\/come-esprimere-la-propria-rabbia\/#respond"]}]},{"@type":"WebPage","@id":"https:\/\/armoniasulavoro.com\/index.php\/2022\/03\/27\/come-esprimere-la-propria-rabbia\/","url":"https:\/\/armoniasulavoro.com\/index.php\/2022\/03\/27\/come-esprimere-la-propria-rabbia\/","name":"COME ESPRIMERE LA PROPRIA RABBIA SUL LAVORO? -","isPartOf":{"@id":"https:\/\/armoniasulavoro.com\/#website"},"primaryImageOfPage":{"@id":"https:\/\/armoniasulavoro.com\/index.php\/2022\/03\/27\/come-esprimere-la-propria-rabbia\/#primaryimage"},"image":{"@id":"https:\/\/armoniasulavoro.com\/index.php\/2022\/03\/27\/come-esprimere-la-propria-rabbia\/#primaryimage"},"thumbnailUrl":"https:\/\/armoniasulavoro.com\/wp-content\/uploads\/2022\/03\/rabbia-3.webp","datePublished":"2022-03-27T15:24:32+00:00","dateModified":"2023-03-08T14:54:41+00:00","author":{"@id":"https:\/\/armoniasulavoro.com\/#\/schema\/person\/a323ae174bd839e975e739346090bf70"},"description":"Tutti ci arrabbiamo, ma sfruttiamo nel modo giusto la nostra rabbia? Se anzich\u00e9 prendercela con gli altri ci concentriamo sui nostri bisogni possiamo raggiungere meglio i nostri obiettivi.","breadcrumb":{"@id":"https:\/\/armoniasulavoro.com\/index.php\/2022\/03\/27\/come-esprimere-la-propria-rabbia\/#breadcrumb"},"inLanguage":"en-US","potentialAction":[{"@type":"ReadAction","target":["https:\/\/armoniasulavoro.com\/index.php\/2022\/03\/27\/come-esprimere-la-propria-rabbia\/"]}]},{"@type":"ImageObject","inLanguage":"en-US","@id":"https:\/\/armoniasulavoro.com\/index.php\/2022\/03\/27\/come-esprimere-la-propria-rabbia\/#primaryimage","url":"https:\/\/armoniasulavoro.com\/wp-content\/uploads\/2022\/03\/rabbia-3.webp","contentUrl":"https:\/\/armoniasulavoro.com\/wp-content\/uploads\/2022\/03\/rabbia-3.webp","width":1920,"height":708},{"@type":"BreadcrumbList","@id":"https:\/\/armoniasulavoro.com\/index.php\/2022\/03\/27\/come-esprimere-la-propria-rabbia\/#breadcrumb","itemListElement":[{"@type":"ListItem","position":1,"name":"Home","item":"https:\/\/armoniasulavoro.com\/"},{"@type":"ListItem","position":2,"name":"COME ESPRIMERE LA PROPRIA RABBIA SUL LAVORO?"}]},{"@type":"WebSite","@id":"https:\/\/armoniasulavoro.com\/#website","url":"https:\/\/armoniasulavoro.com\/","name":"","description":"Spunti e pratiche per ritrovare il benessere sul lavoro","potentialAction":[{"@type":"SearchAction","target":{"@type":"EntryPoint","urlTemplate":"https:\/\/armoniasulavoro.com\/?s={search_term_string}"},"query-input":{"@type":"PropertyValueSpecification","valueRequired":true,"valueName":"search_term_string"}}],"inLanguage":"en-US"},{"@type":"Person","@id":"https:\/\/armoniasulavoro.com\/#\/schema\/person\/a323ae174bd839e975e739346090bf70","name":"albe.ruffi","image":{"@type":"ImageObject","inLanguage":"en-US","@id":"https:\/\/secure.gravatar.com\/avatar\/e55ede2f806c2f13810ac95ab8f8ba3a59cf8039cb9c5557038310a858571cc2?s=96&d=mm&r=g","url":"https:\/\/secure.gravatar.com\/avatar\/e55ede2f806c2f13810ac95ab8f8ba3a59cf8039cb9c5557038310a858571cc2?s=96&d=mm&r=g","contentUrl":"https:\/\/secure.gravatar.com\/avatar\/e55ede2f806c2f13810ac95ab8f8ba3a59cf8039cb9c5557038310a858571cc2?s=96&d=mm&r=g","caption":"albe.ruffi"},"sameAs":["http:\/\/armoniasulavoro.com"],"url":"https:\/\/armoniasulavoro.com\/index.php\/author\/albe-ruffi\/"}]}},"_links":{"self":[{"href":"https:\/\/armoniasulavoro.com\/index.php\/wp-json\/wp\/v2\/posts\/230","targetHints":{"allow":["GET"]}}],"collection":[{"href":"https:\/\/armoniasulavoro.com\/index.php\/wp-json\/wp\/v2\/posts"}],"about":[{"href":"https:\/\/armoniasulavoro.com\/index.php\/wp-json\/wp\/v2\/types\/post"}],"author":[{"embeddable":true,"href":"https:\/\/armoniasulavoro.com\/index.php\/wp-json\/wp\/v2\/users\/1"}],"replies":[{"embeddable":true,"href":"https:\/\/armoniasulavoro.com\/index.php\/wp-json\/wp\/v2\/comments?post=230"}],"version-history":[{"count":8,"href":"https:\/\/armoniasulavoro.com\/index.php\/wp-json\/wp\/v2\/posts\/230\/revisions"}],"predecessor-version":[{"id":395,"href":"https:\/\/armoniasulavoro.com\/index.php\/wp-json\/wp\/v2\/posts\/230\/revisions\/395"}],"wp:featuredmedia":[{"embeddable":true,"href":"https:\/\/armoniasulavoro.com\/index.php\/wp-json\/wp\/v2\/media\/238"}],"wp:attachment":[{"href":"https:\/\/armoniasulavoro.com\/index.php\/wp-json\/wp\/v2\/media?parent=230"}],"wp:term":[{"taxonomy":"category","embeddable":true,"href":"https:\/\/armoniasulavoro.com\/index.php\/wp-json\/wp\/v2\/categories?post=230"},{"taxonomy":"post_tag","embeddable":true,"href":"https:\/\/armoniasulavoro.com\/index.php\/wp-json\/wp\/v2\/tags?post=230"}],"curies":[{"name":"wp","href":"https:\/\/api.w.org\/{rel}","templated":true}]}}